{"id":929,"date":"2024-06-14T16:27:29","date_gmt":"2024-06-14T22:27:29","guid":{"rendered":"https:\/\/www.coescomunicacion.com\/coes\/?p=929"},"modified":"2024-07-23T06:10:21","modified_gmt":"2024-07-23T12:10:21","slug":"en-primera-persona-el-futuro-que-queremos","status":"publish","type":"post","link":"https:\/\/www.coescomunicacion.com\/coes\/en-primera-persona-el-futuro-que-queremos\/","title":{"rendered":"\u00a1En primera persona: El futuro que queremos!"},"content":{"rendered":"\n<!DOCTYPE html>\n<html lang=\"es\">\n<head>\n    <meta charset=\"UTF-8\">\n    <meta name=\"viewport\" content=\"width=device-width, initial-scale=1.0\">\n    <title>Resumen de Resultados<\/title>\n    <style>\n\n        h2 {\n            color: #171D49;\n        }\n\n        p {\n            margin: 10px 0;\n            color: #333;\n        }\n\n        .highlight {\n            font-family: Arial, sans-serif;\n            line-height: 1.6;\n            font-weight: bold;\n            color: #171D49;\n        }\n\n        ul {\n            list-style-type: none;\n            padding-left: 20px;\n        }\n\n        ul li {\n            margin: 10px 0;\n            color: #555;\n        }\n\n        .btn-container {\n            display: inline-block;\n            margin: 0 0.5rem 0 0;\n        }\n\n        .btn-descargar {\n            background: #171d49;\n            color: #47daf6;\n            border: 2px solid #fff;\n            cursor: pointer;\n            padding: 0.4rem 1rem;\n            font-size: 0.875em;\n            font-weight: bold;\n            border-radius: 0.8rem;\n            -webkit-transform: scale(1);\n            transform: scale(1);\n            -webkit-transition: all 0.3s ease;\n            transition: all 0.3s ease;\n            display: inline-block;\n            margin: 1rem 0;\n            text-align: center;\n            text-decoration: none;\n        }\n\n        .btn-descargar:hover,\n        .btn-descargar:focus {\n            background: #47daf6;\n            color: #fff;\n            -webkit-transform: scale(1.1);\n            transform: scale(1.1);\n            text-decoration: none;\n            border: 2px solid #fff;\n            outline: none;\n        }\n       \n       .mensaje {\n            font-family: Arial, sans-serif;\n            margin-bottom: 20px;\n        }\n    <\/style>\n<\/head>\n<body>\n\n<h2>Resumen de resultados<\/h2>\n\n<ul>\n    <li>\n        <span class=\"highlight\">1. Las personas en Costa Rica piensan y quieren un futuro pr\u00f3spero.<\/span>\n        <ul>\n            <li>&#8211; 41% de las publicaciones que hablan del futuro del pa\u00eds expresan sentimientos de preocupaci\u00f3n.<\/li>\n            <li>&#8211; 43% tranquilidad y 16% esperanza.<\/li>\n        <\/ul>\n    <\/li>\n\n    <li>\n        <span class=\"highlight\">2. Deseo de di\u00e1logo y acci\u00f3n ante realidad del pa\u00eds<\/span>\n        <ul>\n            <li>&#8211; Las personas en Costa Rica tienen inter\u00e9s en hablar y generar acciones en temas que consideran relevantes para sus vidas y el pa\u00eds.<\/li>\n        <\/ul>\n    <\/li>\n\n    <li>\n        <span class=\"highlight\">3. Esp\u00edritu cr\u00edtico y de mejora<\/span>\n        <ul>\n            <li>&#8211; Hay un marcado deseo de mejora, de superar desaf\u00edos y avanzar en \u00e1reas que las personas consideran vitales: seguridad, situaci\u00f3n pol\u00edtica y diversidad e inclusi\u00f3n principalmente.<\/li>\n        <\/ul>\n    <\/li>\n\n    <li>\n        <span class=\"highlight\">4. \u00a1Pese al deseo de un mejor pa\u00eds hay esperanza y tranquilidad!<\/span>\n        <ul>\n            <li>&#8211; Temas referentes a tecnolog\u00eda, educaci\u00f3n y ambiente, son los que generan sentimientos m\u00e1s positivos, tranquilidad y esperanza.<\/li>\n        <\/ul>\n    <\/li>\n\n    <li>\n        <span class=\"highlight\">5. \u00a1Se derriba el mito de que la gente no quiere hablar de pol\u00edtica!<\/span>\n        <ul>\n            <li>&#8211; Es el tema del que m\u00e1s que se habla y al que se le presta mayor atenci\u00f3n en las redes sociales.<\/li>\n        <\/ul>\n    <\/li>\n\n    <li>\n        <span class=\"highlight\">6. Redes sociales tienen fines distintos para las personas<\/span>\n        <ul>\n            <li>&#8211; En cuanto al uso de redes sociales, las personas suelen estar m\u00e1s tranquilas y esperanzadas en Facebook y mucho m\u00e1s cr\u00edticas y negativas en X.<\/li>\n        <\/ul>\n    <\/li>\n\n    <li>\n        <span class=\"highlight\">7. M\u00e1s tranquilidad y esperanza en el Valle Central.<\/span>\n        <ul>\n            <li>&#8211; M\u00e1s cr\u00edticas en las costas. Lim\u00f3n, Puntarenas y Alajuela son las provincias donde las personas est\u00e1n m\u00e1s preocupadas y son m\u00e1s cr\u00edticas. San Jos\u00e9, Cartago y Heredia las provincias donde las personas se sienten m\u00e1s tranquilas y esperanzadas.<\/li>\n        <\/ul>\n    <\/li>\n\n    <li>\n        <span class=\"highlight\">8. Mujeres son m\u00e1s positivas y tienen m\u00e1s esperanza<\/span>\n        <ul>\n            <li>&#8211; Las mujeres tienen percepciones mucho m\u00e1s esperanzadoras y de tranquilidad frente a una posici\u00f3n m\u00e1s cr\u00edtica de los hombres.<\/li>\n        <\/ul>\n    <\/li>\n\n    <li>\n        <span class=\"highlight\">9. Mujeres son m\u00e1s excluidas de discusiones sobre pol\u00edtica, econom\u00eda y tecnolog\u00eda<\/span>\n        <ul>\n            <li>&#8211; Se observa una concentraci\u00f3n de las discusiones sobre los grandes temas nacionales en hombres: pol\u00edtica, econom\u00eda, tecnolog\u00eda. Las mujeres participan m\u00e1s sobre temas de salud, educaci\u00f3n y ambiente.<\/li>\n        <\/ul>\n    <\/li>\n<\/ul>\n<br>\n<p class=\"mensaje\">Explora y descarga el estudio &#8220;<strong>\u00a1En primera persona: El futuro que queremos!<\/strong>&#8221; para conocer a fondo los resultados y an\u00e1lisis sobre las percepciones y deseos de las personas en Costa Rica. Obt\u00e9n insights sobre c\u00f3mo piensan y qu\u00e9 esperan para el futuro del pa\u00eds:<\/p>\n\n\n<div class=\"btn-container\">\n    <a class=\"btn-descargar popmake-966\t\">Descargar Estudio<\/a>\n<\/div>\n<div class=\"btn-container\">\n    <a class=\"btn-descargar popmake-954\">Descargar Infogr\u00e1fico<\/a>\n<\/div>\n\n<\/body>\n<\/html>\n","protected":false},"excerpt":{"rendered":"<p>Resumen de Resultados Resumen de resultados 1. Las personas en Costa Rica piensan y quieren un futuro pr\u00f3spero. &#8211; 41% de las publicaciones que hablan del futuro del pa\u00eds expresan sentimientos de preocupaci\u00f3n. &#8211; 43% tranquilidad y 16% esperanza. 2. Deseo de di\u00e1logo y acci\u00f3n ante realidad del pa\u00eds &#8211; Las personas en Costa Rica &hellip; <\/p>\n<p class=\"link-more\"><a href=\"https:\/\/www.coescomunicacion.com\/coes\/en-primera-persona-el-futuro-que-queremos\/\" class=\"more-link\">Continue reading<span class=\"screen-reader-text\"> &#8220;\u00a1En primera persona: El futuro que queremos!&#8221;<\/span><\/a><\/p>\n","protected":false},"author":16,"featured_media":162,"comment_status":"closed","ping_status":"closed","sticky":false,"template":"","format":"standard","meta":{"_acf_changed":false,"footnotes":""},"categories":[1],"tags":[],"class_list":["post-929","post","type-post","status-publish","format-standard","has-post-thumbnail","hentry","category-nota","entry"],"acf":[],"aioseo_notices":[],"rttpg_featured_image_url":{"full":["https:\/\/www.coescomunicacion.com\/wp-content\/uploads\/2019\/09\/blog.jpg",751,454,false],"landscape":["https:\/\/www.coescomunicacion.com\/wp-content\/uploads\/2019\/09\/blog.jpg",751,454,false],"portraits":["https:\/\/www.coescomunicacion.com\/wp-content\/uploads\/2019\/09\/blog.jpg",751,454,false],"thumbnail":["https:\/\/www.coescomunicacion.com\/wp-content\/uploads\/2019\/09\/blog-150x150.jpg",150,150,true],"medium":["https:\/\/www.coescomunicacion.com\/wp-content\/uploads\/2019\/09\/blog-300x181.jpg",300,181,true],"large":["https:\/\/www.coescomunicacion.com\/wp-content\/uploads\/2019\/09\/blog.jpg",640,387,false],"1536x1536":["https:\/\/www.coescomunicacion.com\/wp-content\/uploads\/2019\/09\/blog.jpg",751,454,false],"2048x2048":["https:\/\/www.coescomunicacion.com\/wp-content\/uploads\/2019\/09\/blog.jpg",751,454,false],"post-thumbnail":["https:\/\/www.coescomunicacion.com\/wp-content\/uploads\/2019\/09\/blog.jpg",751,454,false]},"rttpg_author":{"display_name":"Ander Narvaez","author_link":"https:\/\/www.coescomunicacion.com\/coes\/author\/ander\/"},"rttpg_comment":0,"rttpg_category":"<a href=\"https:\/\/www.coescomunicacion.com\/coes\/category\/nota\/\" rel=\"category tag\">Nota<\/a>","rttpg_excerpt":"Resumen de Resultados Resumen de resultados 1. Las personas en Costa Rica piensan y quieren un futuro pr\u00f3spero. &#8211; 41% de las publicaciones que hablan del futuro del pa\u00eds expresan sentimientos de preocupaci\u00f3n. &#8211; 43% tranquilidad y 16% esperanza. 2. Deseo de di\u00e1logo y acci\u00f3n ante realidad del pa\u00eds &#8211; Las personas en Costa Rica&hellip;","_links":{"self":[{"href":"https:\/\/www.coescomunicacion.com\/coes\/wp-json\/wp\/v2\/posts\/929","targetHints":{"allow":["GET"]}}],"collection":[{"href":"https:\/\/www.coescomunicacion.com\/coes\/wp-json\/wp\/v2\/posts"}],"about":[{"href":"https:\/\/www.coescomunicacion.com\/coes\/wp-json\/wp\/v2\/types\/post"}],"author":[{"embeddable":true,"href":"https:\/\/www.coescomunicacion.com\/coes\/wp-json\/wp\/v2\/users\/16"}],"replies":[{"embeddable":true,"href":"https:\/\/www.coescomunicacion.com\/coes\/wp-json\/wp\/v2\/comments?post=929"}],"version-history":[{"count":31,"href":"https:\/\/www.coescomunicacion.com\/coes\/wp-json\/wp\/v2\/posts\/929\/revisions"}],"predecessor-version":[{"id":978,"href":"https:\/\/www.coescomunicacion.com\/coes\/wp-json\/wp\/v2\/posts\/929\/revisions\/978"}],"wp:featuredmedia":[{"embeddable":true,"href":"https:\/\/www.coescomunicacion.com\/coes\/wp-json\/wp\/v2\/media\/162"}],"wp:attachment":[{"href":"https:\/\/www.coescomunicacion.com\/coes\/wp-json\/wp\/v2\/media?parent=929"}],"wp:term":[{"taxonomy":"category","embeddable":true,"href":"https:\/\/www.coescomunicacion.com\/coes\/wp-json\/wp\/v2\/categories?post=929"},{"taxonomy":"post_tag","embeddable":true,"href":"https:\/\/www.coescomunicacion.com\/coes\/wp-json\/wp\/v2\/tags?post=929"}],"curies":[{"name":"wp","href":"https:\/\/api.w.org\/{rel}","templated":true}]}}