{"id":831,"date":"2023-06-29T10:57:16","date_gmt":"2023-06-29T16:57:16","guid":{"rendered":"https:\/\/www.coescomunicacion.com\/coes\/?p=831"},"modified":"2024-05-23T15:25:26","modified_gmt":"2024-05-23T21:25:26","slug":"analisis-de-discursos-de-odio-en-las-redes-sociales","status":"publish","type":"post","link":"https:\/\/www.coescomunicacion.com\/coes\/analisis-de-discursos-de-odio-en-las-redes-sociales\/","title":{"rendered":"Discursos de odio y discriminaci\u00f3n en el 2023 crecen un 50% en RRSS"},"content":{"rendered":"\n<p><\/p>\n\n\n\n<p>Los discursos de odio y discriminaci\u00f3n en redes sociales se han triplicado desde el 2021, siendo Twitter (60%) la plataforma donde se presenta m\u00e1s este comportamiento. \u00a0<br>Desde Coes realizamos un an\u00e1lisis en alianza con Naciones Unidas y nuestras herramientas de social listening en donde se encontraron 1,405,668 conversaciones en mayo de 2023 que incluyen lenguaje discriminatorio. Los principales temas que generan pol\u00e9mica son la pol\u00edtica (muy por encima de los dem\u00e1s temas), realidad nacional, xenofobia y g\u00e9nero.<\/p>\n\n\n\n<p><\/p>\n\n\n\n<p><strong>Algunos de los principales hallazgos:<\/strong><\/p>\n\n\n\n<ul class=\"wp-block-list\">\n<li>Los ataques a periodistas, medios y al \u201cperiodismo\u201d incrementaron en un 231% m\u00e1s que en el 2022, en donde mayormente est\u00e1 relacionado en temas de pol\u00edtica o realidad nacional.<\/li>\n\n\n\n<li>Se encontraron 97,871 conversaciones con elementos de discriminaci\u00f3n hacia mujeres en pol\u00edtica y de medios de comunicaci\u00f3n. Estos suelen ser sobre su imagen, forma de vestir, expresiones y acciones, o incluso por el simple hecho de ser mujeres.<\/li>\n\n\n\n<li>Se capturaron 253,563 conversaciones xenof\u00f3bicas (un aumento del 110%) y 96,133 con elementos racistas (un aumento del 181%).<\/li>\n\n\n\n<li>Aument\u00f3 la preocupaci\u00f3n y denuncia del uso de troles para atacar a personas en las redes sociales.<\/li>\n<\/ul>\n\n\n\n<p><\/p>\n\n\n\n<p>Descargue el estudio completo<a href=\"https:\/\/metrixmedia.s3.amazonaws.com\/Coes\/An%C3%A1lisis+de+Discursos+de+Odio+y+Discriminaci%C3%B3n+en+las+Redes+Sociales+-+2023.pdf\" target=\"_blank\" rel=\"noopener\"> aqu\u00ed<\/a><\/p>\n\n\n\n<figure class=\"wp-block-image size-large\"><img loading=\"lazy\" decoding=\"async\" width=\"1024\" height=\"683\" src=\"https:\/\/www.coescomunicacion.com\/wp-content\/uploads\/2024\/05\/1-1-1024x683.jpg\" alt=\"\" class=\"wp-image-911\" srcset=\"https:\/\/www.coescomunicacion.com\/wp-content\/uploads\/2024\/05\/1-1-1024x683.jpg 1024w, https:\/\/www.coescomunicacion.com\/wp-content\/uploads\/2024\/05\/1-1-300x200.jpg 300w, https:\/\/www.coescomunicacion.com\/wp-content\/uploads\/2024\/05\/1-1-768x512.jpg 768w, https:\/\/www.coescomunicacion.com\/wp-content\/uploads\/2024\/05\/1-1-1536x1024.jpg 1536w, https:\/\/www.coescomunicacion.com\/wp-content\/uploads\/2024\/05\/1-1-1568x1045.jpg 1568w, https:\/\/www.coescomunicacion.com\/wp-content\/uploads\/2024\/05\/1-1.jpg 2048w\" sizes=\"auto, (max-width: 1024px) 100vw, 1024px\" \/><\/figure>\n","protected":false},"excerpt":{"rendered":"<p>Los discursos de odio y discriminaci\u00f3n en redes sociales se han triplicado desde el 2021, siendo Twitter (60%) la plataforma donde se presenta m\u00e1s este comportamiento. \u00a0Desde Coes realizamos un an\u00e1lisis en alianza con Naciones Unidas y nuestras herramientas de social listening en donde se encontraron 1,405,668 conversaciones en mayo de 2023 que incluyen lenguaje &hellip; <\/p>\n<p class=\"link-more\"><a href=\"https:\/\/www.coescomunicacion.com\/coes\/analisis-de-discursos-de-odio-en-las-redes-sociales\/\" class=\"more-link\">Continue reading<span class=\"screen-reader-text\"> &#8220;Discursos de odio y discriminaci\u00f3n en el 2023 crecen un 50% en RRSS&#8221;<\/span><\/a><\/p>\n","protected":false},"author":5,"featured_media":162,"comment_status":"closed","ping_status":"closed","sticky":false,"template":"","format":"standard","meta":{"_acf_changed":false,"footnotes":""},"categories":[1],"tags":[],"class_list":["post-831","post","type-post","status-publish","format-standard","has-post-thumbnail","hentry","category-nota","entry"],"acf":[],"aioseo_notices":[],"rttpg_featured_image_url":{"full":["https:\/\/www.coescomunicacion.com\/wp-content\/uploads\/2019\/09\/blog.jpg",751,454,false],"landscape":["https:\/\/www.coescomunicacion.com\/wp-content\/uploads\/2019\/09\/blog.jpg",751,454,false],"portraits":["https:\/\/www.coescomunicacion.com\/wp-content\/uploads\/2019\/09\/blog.jpg",751,454,false],"thumbnail":["https:\/\/www.coescomunicacion.com\/wp-content\/uploads\/2019\/09\/blog-150x150.jpg",150,150,true],"medium":["https:\/\/www.coescomunicacion.com\/wp-content\/uploads\/2019\/09\/blog-300x181.jpg",300,181,true],"large":["https:\/\/www.coescomunicacion.com\/wp-content\/uploads\/2019\/09\/blog.jpg",640,387,false],"1536x1536":["https:\/\/www.coescomunicacion.com\/wp-content\/uploads\/2019\/09\/blog.jpg",751,454,false],"2048x2048":["https:\/\/www.coescomunicacion.com\/wp-content\/uploads\/2019\/09\/blog.jpg",751,454,false],"post-thumbnail":["https:\/\/www.coescomunicacion.com\/wp-content\/uploads\/2019\/09\/blog.jpg",751,454,false]},"rttpg_author":{"display_name":"Diego M\u00e9ndez","author_link":"https:\/\/www.coescomunicacion.com\/coes\/author\/diego\/"},"rttpg_comment":0,"rttpg_category":"<a href=\"https:\/\/www.coescomunicacion.com\/coes\/category\/nota\/\" rel=\"category tag\">Nota<\/a>","rttpg_excerpt":"Los discursos de odio y discriminaci\u00f3n en redes sociales se han triplicado desde el 2021, siendo Twitter (60%) la plataforma donde se presenta m\u00e1s este comportamiento. \u00a0Desde Coes realizamos un an\u00e1lisis en alianza con Naciones Unidas y nuestras herramientas de social listening en donde se encontraron 1,405,668 conversaciones en mayo de 2023 que incluyen lenguaje&hellip;","_links":{"self":[{"href":"https:\/\/www.coescomunicacion.com\/coes\/wp-json\/wp\/v2\/posts\/831","targetHints":{"allow":["GET"]}}],"collection":[{"href":"https:\/\/www.coescomunicacion.com\/coes\/wp-json\/wp\/v2\/posts"}],"about":[{"href":"https:\/\/www.coescomunicacion.com\/coes\/wp-json\/wp\/v2\/types\/post"}],"author":[{"embeddable":true,"href":"https:\/\/www.coescomunicacion.com\/coes\/wp-json\/wp\/v2\/users\/5"}],"replies":[{"embeddable":true,"href":"https:\/\/www.coescomunicacion.com\/coes\/wp-json\/wp\/v2\/comments?post=831"}],"version-history":[{"count":7,"href":"https:\/\/www.coescomunicacion.com\/coes\/wp-json\/wp\/v2\/posts\/831\/revisions"}],"predecessor-version":[{"id":916,"href":"https:\/\/www.coescomunicacion.com\/coes\/wp-json\/wp\/v2\/posts\/831\/revisions\/916"}],"wp:featuredmedia":[{"embeddable":true,"href":"https:\/\/www.coescomunicacion.com\/coes\/wp-json\/wp\/v2\/media\/162"}],"wp:attachment":[{"href":"https:\/\/www.coescomunicacion.com\/coes\/wp-json\/wp\/v2\/media?parent=831"}],"wp:term":[{"taxonomy":"category","embeddable":true,"href":"https:\/\/www.coescomunicacion.com\/coes\/wp-json\/wp\/v2\/categories?post=831"},{"taxonomy":"post_tag","embeddable":true,"href":"https:\/\/www.coescomunicacion.com\/coes\/wp-json\/wp\/v2\/tags?post=831"}],"curies":[{"name":"wp","href":"https:\/\/api.w.org\/{rel}","templated":true}]}}